{"id":2869,"date":"2016-12-01T08:51:29","date_gmt":"2016-12-01T08:51:29","guid":{"rendered":"http:\/\/www.enceinte.com\/video\/?p=2869"},"modified":"2016-12-01T08:54:23","modified_gmt":"2016-12-01T08:54:23","slug":"il-a-deja-tes-yeux-decouvrez-vite-la-bande-annonce","status":"publish","type":"post","link":"https:\/\/www.enceinte.com\/video\/il-a-deja-tes-yeux-decouvrez-vite-la-bande-annonce.html","title":{"rendered":"Il a d\u00e9j\u00e0 tes yeux: d\u00e9couvrez vite la bande annonce"},"content":{"rendered":"<p><strong><img loading=\"lazy\" decoding=\"async\" class=\"size-medium wp-image-2871 alignleft\" src=\"http:\/\/www.enceinte.com\/video\/wp-content\/uploads\/2016\/12\/affiche-il-a-deje-tes-yeux-221x300.jpeg\" alt=\"affiche-il-a-deje-tes-yeux\" width=\"221\" height=\"300\" srcset=\"https:\/\/www.enceinte.com\/video\/wp-content\/uploads\/2016\/12\/affiche-il-a-deje-tes-yeux-221x300.jpeg 221w, https:\/\/www.enceinte.com\/video\/wp-content\/uploads\/2016\/12\/affiche-il-a-deje-tes-yeux.jpeg 540w\" sizes=\"auto, (max-width: 221px) 100vw, 221px\" \/><br \/>\nIl a d\u00e9j\u00e0 tes yeux, d\u00e9couvrez vite la bande annonce!<\/strong><br \/>\nPaul et Salie est un couple qui n&rsquo;arrive pas \u00e0 avoir d&rsquo;enfant. Jusqu&rsquo;au jour ou le centre d&rsquo;adoption o\u00f9 ils ont fait une demande d&rsquo;adoption valide leur dossier.<br \/>\nUn petit b\u00e9b\u00e9 de 6 mois pr\u00e9nomm\u00e9 benjamin attend une famille et le couple a \u00e9t\u00e9 s\u00e9lectionn\u00e9!<br \/>\nAu rendez-vous, ils d\u00e9couvrent que benjamin est un petit gar\u00e7on aux yeux bleus et aux cheveux blond, il est blanc, eux sont noirs! Salie et Paul sont surpris mais accueillent benjamin imm\u00e9diatement contrairement \u00e0 la famille de Salie!<\/p>\n<p>Une com\u00e9die r\u00e9alis\u00e9 par Lucien Jean-Baptiste qui joue le r\u00f4le de Paul dans le film.<br \/>\nActeurs : Lucien Jean-Baptiste, A\u00efssa Ma\u00efga, Vincent Elbaz,Zabou Breitman<br \/>\nUne com\u00e9die \u00e0 ne pas rater! Sortie dans les salles en France \u00e0 partir du 18 janvier 2017<\/p>\n<p><iframe loading=\"lazy\" src=\"https:\/\/www.youtube.com\/embed\/mKvd6UEiTto\" width=\"560\" height=\"315\" frameborder=\"0\" allowfullscreen=\"allowfullscreen\"><\/iframe><\/p>\n","protected":false},"excerpt":{"rendered":"<p>Il a d\u00e9j\u00e0 tes yeux, d\u00e9couvrez vite la bande annonce! Paul et Salie est un couple qui n&rsquo;arrive pas \u00e0 avoir d&rsquo;enfant. Jusqu&rsquo;au jour ou le centre d&rsquo;adoption o\u00f9 ils ont fait une demande d&rsquo;adoption valide leur dossier. Un petit b\u00e9b\u00e9 de 6 mois pr\u00e9nomm\u00e9 benjamin attend une famille et le couple a \u00e9t\u00e9 s\u00e9lectionn\u00e9! Au rendez-vous, ils d\u00e9couvrent que benjamin est un petit gar\u00e7on aux yeux bleus et aux cheveux blond, il est blanc, eux sont noirs! Salie et [&hellip;]<\/p>\n","protected":false},"author":2,"featured_media":2871,"comment_status":"open","ping_status":"closed","sticky":false,"template":"","format":"standard","meta":{"footnotes":""},"categories":[1],"tags":[],"class_list":["post-2869","post","type-post","status-publish","format-standard","has-post-thumbnail","hentry","category-non-classe"],"_links":{"self":[{"href":"https:\/\/www.enceinte.com\/video\/wp-json\/wp\/v2\/posts\/2869","targetHints":{"allow":["GET"]}}],"collection":[{"href":"https:\/\/www.enceinte.com\/video\/wp-json\/wp\/v2\/posts"}],"about":[{"href":"https:\/\/www.enceinte.com\/video\/wp-json\/wp\/v2\/types\/post"}],"author":[{"embeddable":true,"href":"https:\/\/www.enceinte.com\/video\/wp-json\/wp\/v2\/users\/2"}],"replies":[{"embeddable":true,"href":"https:\/\/www.enceinte.com\/video\/wp-json\/wp\/v2\/comments?post=2869"}],"version-history":[{"count":7,"href":"https:\/\/www.enceinte.com\/video\/wp-json\/wp\/v2\/posts\/2869\/revisions"}],"predecessor-version":[{"id":2877,"href":"https:\/\/www.enceinte.com\/video\/wp-json\/wp\/v2\/posts\/2869\/revisions\/2877"}],"wp:featuredmedia":[{"embeddable":true,"href":"https:\/\/www.enceinte.com\/video\/wp-json\/wp\/v2\/media\/2871"}],"wp:attachment":[{"href":"https:\/\/www.enceinte.com\/video\/wp-json\/wp\/v2\/media?parent=2869"}],"wp:term":[{"taxonomy":"category","embeddable":true,"href":"https:\/\/www.enceinte.com\/video\/wp-json\/wp\/v2\/categories?post=2869"},{"taxonomy":"post_tag","embeddable":true,"href":"https:\/\/www.enceinte.com\/video\/wp-json\/wp\/v2\/tags?post=2869"}],"curies":[{"name":"wp","href":"https:\/\/api.w.org\/{rel}","templated":true}]}}