{"id":2228,"date":"2014-09-22T07:12:24","date_gmt":"2014-09-22T07:12:24","guid":{"rendered":"http:\/\/www.enceinte.com\/video\/?p=2228"},"modified":"2014-09-22T07:12:24","modified_gmt":"2014-09-22T07:12:24","slug":"premier-anniversaire-bebe-maman","status":"publish","type":"post","link":"https:\/\/www.enceinte.com\/video\/premier-anniversaire-bebe-maman.html","title":{"rendered":"Premier anniversaire de b\u00e9b\u00e9 et de maman"},"content":{"rendered":"<p>Premier anniversaire de b\u00e9b\u00e9 et de maman by Pampers.<br \/>\nDes mamans se rendent chez le p\u00e9diatre avec leur enfant. A la sortie du cabinet, les mamans\u00a0d\u00e9couvrent\u00a0sur les murs\u00a0du couloir une exposition de photos qui les sensibilise.\u00a0A l&rsquo;ext\u00e9rieur du b\u00e2timent, papa les attend avec un g\u00e2teau et une bougie pour leur premier ann\u00e9e. Une vid\u00e9o tr\u00e8s touchante<\/p>\n","protected":false},"excerpt":{"rendered":"<p>Premier anniversaire de b\u00e9b\u00e9 et de maman by Pampers. Des mamans se rendent chez le p\u00e9diatre avec leur enfant. A la sortie du cabinet, les mamans\u00a0d\u00e9couvrent\u00a0sur les murs\u00a0du couloir une exposition de photos qui les sensibilise.\u00a0A l&rsquo;ext\u00e9rieur du b\u00e2timent, papa les attend avec un g\u00e2teau et une bougie pour leur premier ann\u00e9e. Une vid\u00e9o tr\u00e8s touchante<\/p>\n","protected":false},"author":2,"featured_media":2230,"comment_status":"open","ping_status":"closed","sticky":false,"template":"","format":"standard","meta":{"footnotes":""},"categories":[1],"tags":[],"class_list":["post-2228","post","type-post","status-publish","format-standard","has-post-thumbnail","hentry","category-non-classe"],"_links":{"self":[{"href":"https:\/\/www.enceinte.com\/video\/wp-json\/wp\/v2\/posts\/2228","targetHints":{"allow":["GET"]}}],"collection":[{"href":"https:\/\/www.enceinte.com\/video\/wp-json\/wp\/v2\/posts"}],"about":[{"href":"https:\/\/www.enceinte.com\/video\/wp-json\/wp\/v2\/types\/post"}],"author":[{"embeddable":true,"href":"https:\/\/www.enceinte.com\/video\/wp-json\/wp\/v2\/users\/2"}],"replies":[{"embeddable":true,"href":"https:\/\/www.enceinte.com\/video\/wp-json\/wp\/v2\/comments?post=2228"}],"version-history":[{"count":3,"href":"https:\/\/www.enceinte.com\/video\/wp-json\/wp\/v2\/posts\/2228\/revisions"}],"predecessor-version":[{"id":2232,"href":"https:\/\/www.enceinte.com\/video\/wp-json\/wp\/v2\/posts\/2228\/revisions\/2232"}],"wp:featuredmedia":[{"embeddable":true,"href":"https:\/\/www.enceinte.com\/video\/wp-json\/wp\/v2\/media\/2230"}],"wp:attachment":[{"href":"https:\/\/www.enceinte.com\/video\/wp-json\/wp\/v2\/media?parent=2228"}],"wp:term":[{"taxonomy":"category","embeddable":true,"href":"https:\/\/www.enceinte.com\/video\/wp-json\/wp\/v2\/categories?post=2228"},{"taxonomy":"post_tag","embeddable":true,"href":"https:\/\/www.enceinte.com\/video\/wp-json\/wp\/v2\/tags?post=2228"}],"curies":[{"name":"wp","href":"https:\/\/api.w.org\/{rel}","templated":true}]}}