{"id":2213,"date":"2014-09-12T09:15:46","date_gmt":"2014-09-12T09:15:46","guid":{"rendered":"http:\/\/www.enceinte.com\/video\/?p=2213"},"modified":"2014-09-12T11:55:00","modified_gmt":"2014-09-12T11:55:00","slug":"ce-papa-ne-conduira-pas-sa-fille-a-lautel-le-jour-de-son-mariage","status":"publish","type":"post","link":"https:\/\/www.enceinte.com\/video\/ce-papa-ne-conduira-pas-sa-fille-a-lautel-le-jour-de-son-mariage.html","title":{"rendered":"Ce papa ne conduira pas sa fille \u00e0 l&rsquo;autel le jour de son mariage"},"content":{"rendered":"<p>Sur cette vid\u00e9o \u00e9mouvante, on comprend pourquoi ce papa ne conduira pas sa fille \u00e0 l&rsquo;autel le jour de son mariage.<br \/>\nIl laisse la place \u00e0 quelqu&rsquo;un sans qui sa fille n&rsquo;aurait jamais pu se marier un jour. Le 24 d\u00e9cembre au soir, leur petite fille souffre de vomissements, de maux de t\u00eate et \u00e0 des difficult\u00e9s \u00e0 marcher, les parents\u00a0apprennent que leur petite fille \u00e2g\u00e9e de 4 ans est atteinte d&rsquo;une tumeur maligne au cerveau. le papa demande au m\u00e9decin: \u00ab\u00a0Est ce que je pourrais amener ma fille vers l&rsquo;autel le jour de son mariage?\u00a0\u00bb . Le m\u00e9decin de garde, Alex Levy\u00a0cette nuit l\u00e0, \u00e0 l&rsquo;h\u00f4pital Arnold Palmer lui r\u00e9pond qu&rsquo;il fera tout pour que ce jour arrive.<br \/>\nApr\u00e8s plusieurs op\u00e9rations au cerveau et une chimioth\u00e9rapie, la petite fille aujourd&rsquo;hui \u00e2g\u00e9e de 7 ans va bien.<br \/>\nAujourd&rsquo;hui la seule chose que souhaite le m\u00e9decin Alex Levy, s&rsquo;est d&rsquo;aller au mariage de sa fille.<\/p>\n","protected":false},"excerpt":{"rendered":"<p>Sur cette vid\u00e9o \u00e9mouvante, on comprend pourquoi ce papa ne conduira pas sa fille \u00e0 l&rsquo;autel le jour de son mariage. Il laisse la place \u00e0 quelqu&rsquo;un sans qui sa fille n&rsquo;aurait jamais pu se marier un jour. Le 24 d\u00e9cembre au soir, leur petite fille souffre de vomissements, de maux de t\u00eate et \u00e0 des difficult\u00e9s \u00e0 marcher, les parents\u00a0apprennent que leur petite fille \u00e2g\u00e9e de 4 ans est atteinte d&rsquo;une tumeur maligne au cerveau. le papa demande au [&hellip;]<\/p>\n","protected":false},"author":2,"featured_media":2215,"comment_status":"open","ping_status":"closed","sticky":false,"template":"","format":"standard","meta":{"footnotes":""},"categories":[1],"tags":[],"class_list":["post-2213","post","type-post","status-publish","format-standard","has-post-thumbnail","hentry","category-non-classe"],"_links":{"self":[{"href":"https:\/\/www.enceinte.com\/video\/wp-json\/wp\/v2\/posts\/2213","targetHints":{"allow":["GET"]}}],"collection":[{"href":"https:\/\/www.enceinte.com\/video\/wp-json\/wp\/v2\/posts"}],"about":[{"href":"https:\/\/www.enceinte.com\/video\/wp-json\/wp\/v2\/types\/post"}],"author":[{"embeddable":true,"href":"https:\/\/www.enceinte.com\/video\/wp-json\/wp\/v2\/users\/2"}],"replies":[{"embeddable":true,"href":"https:\/\/www.enceinte.com\/video\/wp-json\/wp\/v2\/comments?post=2213"}],"version-history":[{"count":6,"href":"https:\/\/www.enceinte.com\/video\/wp-json\/wp\/v2\/posts\/2213\/revisions"}],"predecessor-version":[{"id":2221,"href":"https:\/\/www.enceinte.com\/video\/wp-json\/wp\/v2\/posts\/2213\/revisions\/2221"}],"wp:featuredmedia":[{"embeddable":true,"href":"https:\/\/www.enceinte.com\/video\/wp-json\/wp\/v2\/media\/2215"}],"wp:attachment":[{"href":"https:\/\/www.enceinte.com\/video\/wp-json\/wp\/v2\/media?parent=2213"}],"wp:term":[{"taxonomy":"category","embeddable":true,"href":"https:\/\/www.enceinte.com\/video\/wp-json\/wp\/v2\/categories?post=2213"},{"taxonomy":"post_tag","embeddable":true,"href":"https:\/\/www.enceinte.com\/video\/wp-json\/wp\/v2\/tags?post=2213"}],"curies":[{"name":"wp","href":"https:\/\/api.w.org\/{rel}","templated":true}]}}